{"id":19337,"date":"2026-08-25T20:24:00","date_gmt":"2026-08-25T20:24:00","guid":{"rendered":"https:\/\/ceogr.edu.pl\/?p=19337"},"modified":"2026-08-25T20:30:42","modified_gmt":"2026-08-25T20:30:42","slug":"obiady-w-zsckr-w-szczecinie-rok-szkolny-2026-2027","status":"publish","type":"post","link":"https:\/\/ceogr.edu.pl\/?p=19337","title":{"rendered":"Obiady w ZSCKR w Szczecinie \u2013 rok szkolny 2026\/2027"},"content":{"rendered":"<p>Szanowni Pa\u0144stwo,<\/p>\n<p>w roku szkolnym 2026\/2027 zamawianie posi\u0142k\u00f3w w ZSCKR w Szczecinie b\u0119dzie odbywa\u0142o si\u0119 za po\u015brednictwem aplikacji\u00a0<strong>\u201eZam\u00f3w Posi\u0142ek\u201d<\/strong>, kt\u00f3ra nadal b\u0119dzie obowi\u0105zywa\u0142a w naszej szkole.<!--more--><\/p>\n<h3>Zamawianie posi\u0142k\u00f3w<\/h3>\n<p>W kolejnych miesi\u0105cach posi\u0142ki nale\u017cy zamawia\u0107\u00a0<strong>do 25. dnia miesi\u0105ca poprzedzaj\u0105cego miesi\u0105c, w kt\u00f3rym b\u0119d\u0105 spo\u017cywane<\/strong>.<\/p>\n<p><strong>Wyj\u0105tkiem jest wrzesie\u0144 2026 r.<\/strong>\u00a0W zwi\u0105zku z rozpocz\u0119ciem wydawania wy\u017cywienia dla uczni\u00f3w szko\u0142y od\u00a0<strong>7 wrze\u015bnia 2026 r.<\/strong>, deklaracje na obiady na wrzesie\u0144 mo\u017cna sk\u0142ada\u0107\u00a0<strong>do 5 wrze\u015bnia 2026 r.<\/strong><\/p>\n<ul>\n<li><strong>Uczniowie szko\u0142y oraz nauczyciele i pozostali pracownicy<\/strong>\u00a0\u2013 za po\u015brednictwem aplikacji zamawiaj\u0105\u00a0<strong>zestaw dwudaniowy (obiad dwudaniowy)<\/strong>.<\/li>\n<li><strong>Wychowankowie internatu<\/strong>\u00a0\u2013 za po\u015brednictwem aplikacji zamawiaj\u0105\u00a0<strong>wy\u017cywienie ca\u0142odzienne<\/strong>.<\/li>\n<\/ul>\n<h3>Odwo\u0142ywanie posi\u0142k\u00f3w<\/h3>\n<p>W przypadku uczni\u00f3w szko\u0142y, nauczycieli i pracownik\u00f3w odwo\u0142anie zam\u00f3wionego obiadu b\u0119dzie mo\u017cliwe za po\u015brednictwem aplikacji\u00a0<strong>\u201eZam\u00f3w Posi\u0142ek\u201d do godziny 18:00 dnia poprzedzaj\u0105cego dzie\u0144, w kt\u00f3rym posi\u0142ek nie b\u0119dzie spo\u017cywany<\/strong>. Dotyczy to r\u00f3wnie\u017c sytuacji, gdy posi\u0142ki maj\u0105 zosta\u0107 odwo\u0142ane na kilka kolejnych dni.<\/p>\n<p>W przypadku\u00a0<strong>wychowank\u00f3w internatu<\/strong>\u00a0odwo\u0142ywanie wy\u017cywienia odbywa si\u0119 na dotychczasowych zasadach, tj. poprzez zg\u0142oszenie drog\u0105 mailow\u0105 do godziny 18:00 dnia poprzedzaj\u0105cego dzie\u0144, kt\u00f3rego dotyczy rezygnacja.<\/p>\n<p>Zg\u0142oszenie nale\u017cy przes\u0142a\u0107 na adres:\u00a0<strong><a href=\"mailto:obiady.zsckr@caogr.edu.pl\" target=\"_blank\" rel=\"noopener\">obiady.zsckr@caogr.edu.<wbr \/>pl<\/a><\/strong>, wpisuj\u0105c w temacie wiadomo\u015bci:\u00a0<strong>\u201eOdwo\u0142anie obiadu &#8211; ( imi\u0119 i nazwisko &#8211; klasa)\u201d<\/strong>.<\/p>\n<p>Nale\u017cy pami\u0119ta\u0107, \u017ce wy\u017cywienie wychowank\u00f3w internatu jest \u015bci\u015ble zwi\u0105zane z ich pobytem w internacie i obejmuje\u00a0<strong>wy\u017cywienie ca\u0142odzienne<\/strong>. W zwi\u0105zku z tym\u00a0<strong>nie ma mo\u017cliwo\u015bci odwo\u0142ywania pojedynczych posi\u0142k\u00f3w<\/strong>\u00a0(np. wy\u0142\u0105cznie obiadu) w ramach wy\u017cywienia wychowanka internatu.\u00a0 Rezygnacja z wy\u017cywienia w danym dniu jest r\u00f3wnoznaczna z nieobecno\u015bci\u0105 wychowanka w internacie w tym dniu i traktowana jest jako jego wykwaterowanie na ten dzie\u0144.<\/p>\n<h3>P\u0142atno\u015bci za posi\u0142ki<\/h3>\n<p>Informacje dotycz\u0105ce\u00a0<strong>sposobu dokonywania p\u0142atno\u015bci za posi\u0142ki<\/strong>\u00a0zostan\u0105 przekazane uczniom oraz wychowankom internatu\u00a0<strong>na pocz\u0105tku roku szkolnego, do 5 wrze\u015bnia 2026 r.<\/strong><\/p>\n<p>Na stronie internetowej szko\u0142y znajduje si\u0119 numer rachunku bankowego szko\u0142y, na kt\u00f3ry dotychczas dokonywane by\u0142y wp\u0142aty za posi\u0142ki.\u00a0<strong>Numer rachunku oraz spos\u00f3b dokonywania p\u0142atno\u015bci mog\u0105 ulec zmianie<\/strong>, dlatego prosimy o bie\u017c\u0105ce \u015bledzenie informacji zamieszczanych na stronie internetowej szko\u0142y oraz przekazywanych przez szko\u0142\u0119.<\/p>\n<p>Prosimy o przestrzeganie wskazanych termin\u00f3w zamawiania, odwo\u0142ywania i op\u0142acania posi\u0142k\u00f3w.<\/p>\n<p>Dzi\u0119kujemy za wsp\u00f3\u0142prac\u0119.<\/p>\n","protected":false},"excerpt":{"rendered":"<p>Szanowni Pa\u0144stwo, w roku szkolnym 2026\/2027 zamawianie posi\u0142k\u00f3w w ZSCKR w Szczecinie b\u0119dzie odbywa\u0142o si\u0119 za po\u015brednictwem aplikacji\u00a0\u201eZam\u00f3w Posi\u0142ek\u201d, kt\u00f3ra nadal b\u0119dzie obowi\u0105zywa\u0142a w naszej szkole.<\/p>\n","protected":false},"author":2,"featured_media":0,"comment_status":"closed","ping_status":"closed","sticky":false,"template":"","format":"standard","meta":[],"categories":[177],"tags":[],"acf":[],"aioseo_notices":[],"_links":{"self":[{"href":"https:\/\/ceogr.edu.pl\/index.php?rest_route=\/wp\/v2\/posts\/19337"}],"collection":[{"href":"https:\/\/ceogr.edu.pl\/index.php?rest_route=\/wp\/v2\/posts"}],"about":[{"href":"https:\/\/ceogr.edu.pl\/index.php?rest_route=\/wp\/v2\/types\/post"}],"author":[{"embeddable":true,"href":"https:\/\/ceogr.edu.pl\/index.php?rest_route=\/wp\/v2\/users\/2"}],"replies":[{"embeddable":true,"href":"https:\/\/ceogr.edu.pl\/index.php?rest_route=%2Fwp%2Fv2%2Fcomments&post=19337"}],"version-history":[{"count":1,"href":"https:\/\/ceogr.edu.pl\/index.php?rest_route=\/wp\/v2\/posts\/19337\/revisions"}],"predecessor-version":[{"id":19338,"href":"https:\/\/ceogr.edu.pl\/index.php?rest_route=\/wp\/v2\/posts\/19337\/revisions\/19338"}],"wp:attachment":[{"href":"https:\/\/ceogr.edu.pl\/index.php?rest_route=%2Fwp%2Fv2%2Fmedia&parent=19337"}],"wp:term":[{"taxonomy":"category","embeddable":true,"href":"https:\/\/ceogr.edu.pl\/index.php?rest_route=%2Fwp%2Fv2%2Fcategories&post=19337"},{"taxonomy":"post_tag","embeddable":true,"href":"https:\/\/ceogr.edu.pl\/index.php?rest_route=%2Fwp%2Fv2%2Ftags&post=19337"}],"curies":[{"name":"wp","href":"https:\/\/api.w.org\/{rel}","templated":true}]}}