{"id":19335,"date":"2026-08-25T20:26:00","date_gmt":"2026-08-25T20:26:00","guid":{"rendered":"https:\/\/ceogr.edu.pl\/?p=19335"},"modified":"2026-08-25T20:32:23","modified_gmt":"2026-08-25T20:32:23","slug":"informacja-dla-wychowankow-przyjetych-do-internatu-na-rok-szkolny-2026-2027","status":"publish","type":"post","link":"https:\/\/ceogr.edu.pl\/?p=19335","title":{"rendered":"INFORMACJA DLA WYCHOWANK\u00d3W PRZYJ\u0118TYCH DO INTERNATU na rok szkolny 2026\/2027"},"content":{"rendered":"<p>Drodzy Wychowankowie!<\/p>\n<p>Informujemy, \u017ce\u00a0<strong>zakwaterowanie wychowank\u00f3w w internacie rozpocznie si\u0119 1 wrze\u015bnia 2026 roku od godziny 8:00<\/strong>.<\/p>\n<p>O godzinie\u00a0<strong>10:00<\/strong>\u00a0odb\u0119dzie si\u0119 uroczyste rozpocz\u0119cie roku szkolnego w szkole. Wychowankowie b\u0119d\u0105 mogli wcze\u015bniej przyjecha\u0107 do internatu, pozostawi\u0107 swoje rzeczy, a nast\u0119pnie uda\u0107 si\u0119 na uroczyste rozpocz\u0119cie roku szkolnego. Po zako\u0144czeniu uroczysto\u015bci nale\u017cy wr\u00f3ci\u0107 do internatu w celu dope\u0142nienia formalno\u015bci zwi\u0105zanych z zakwaterowaniem.<!--more--><\/p>\n<h3>Co nale\u017cy ze sob\u0105 zabra\u0107?<\/h3>\n<p>Ka\u017cdy wychowanek powinien zaopatrzy\u0107 si\u0119 we w\u0142asnym zakresie w:<\/p>\n<ul>\n<li>poduszk\u0119,<\/li>\n<li>ko\u0142dr\u0119,<\/li>\n<li>po\u015bciel,<\/li>\n<li>ewentualnie koc,<\/li>\n<li>rzeczy osobiste oraz niezb\u0119dne przybory do codziennego funkcjonowania.<\/li>\n<\/ul>\n<p>W internacie zapewnione s\u0105 szafki oraz podstawowe wyposa\u017cenie niezb\u0119dne do zamieszkania.<\/p>\n<h3>Pojemniki na posi\u0142ki<\/h3>\n<p>Prosimy r\u00f3wnie\u017c o zaopatrzenie si\u0119 w\u00a0<strong>podpisane imieniem i nazwiskiem pojemniki na posi\u0142ki<\/strong>. Mo\u017ce to by\u0107 niewielki termos na zup\u0119 oraz osobny pojemnik na drugie danie.<\/p>\n<p>Pojemniki b\u0119d\u0105 przydatne w sytuacjach, gdy wychowanek z uzasadnionego powodu nie b\u0119dzie m\u00f3g\u0142 skorzysta\u0107 z obiadu na sto\u0142\u00f3wce, np. z powodu wycieczki, zaj\u0119\u0107 praktycznych lub innych zaj\u0119\u0107 poza internatem.<\/p>\n<h3>Op\u0142aty za wy\u017cywienie<\/h3>\n<p>Op\u0142ata zwi\u0105zana z pobytem w internacie dotyczy\u00a0<strong>ca\u0142odziennego wy\u017cywienia<\/strong>.<\/p>\n<p>We wrze\u015bniu op\u0142at\u0119 za wy\u017cywienie nale\u017cy ui\u015bci\u0107\u00a0<strong>do 7 wrze\u015bnia 2026 roku<\/strong>.<\/p>\n<p>W kolejnych miesi\u0105cach op\u0142aty b\u0119d\u0105 dokonywane\u00a0<strong>do 25. dnia miesi\u0105ca poprzedzaj\u0105cego kolejny miesi\u0105c pobytu w internacie<\/strong>.<\/p>\n<p>Szczeg\u00f3\u0142owe informacje dotycz\u0105ce wysoko\u015bci op\u0142at, sposobu dokonywania p\u0142atno\u015bci oraz zasad rozliczania wy\u017cywienia zostan\u0105 przekazane rodzicom i wychowankom\u00a0<strong>1 wrze\u015bnia podczas zakwaterowania<\/strong>.<\/p>\n<h3>Informacje dotycz\u0105ce pobytu<\/h3>\n<p>Pozosta\u0142e informacje dotycz\u0105ce zasad zamieszkiwania i funkcjonowania w internacie zostan\u0105 przekazane\u00a0<strong>podczas zakwaterowania<\/strong>.<\/p>\n<p>W\u00f3wczas wychowankowie otrzymaj\u0105 r\u00f3wnie\u017c informacje dotycz\u0105ce:<\/p>\n<ul>\n<li>przydzielonego pokoju,<\/li>\n<li>wychowawcy prowadz\u0105cego,<\/li>\n<li>organizacji pobytu w internacie,<\/li>\n<li>najwa\u017cniejszych zasad obowi\u0105zuj\u0105cych podczas zamieszkania.<\/li>\n<\/ul>\n<p>Wszystkie najwa\u017cniejsze informacje organizacyjne zostan\u0105 przekazane rodzicom oraz wychowankom\u00a0<strong>1 wrze\u015bnia podczas zakwaterowania<\/strong>.<\/p>\n<p><strong>\u017byczymy Wam dobrego startu w nowym roku szkolnym oraz mi\u0142ego pobytu w naszym internacie!<\/strong><\/p>\n","protected":false},"excerpt":{"rendered":"<p>Drodzy Wychowankowie! Informujemy, \u017ce\u00a0zakwaterowanie wychowank\u00f3w w internacie rozpocznie si\u0119 1 wrze\u015bnia 2026 roku od godziny 8:00. O godzinie\u00a010:00\u00a0odb\u0119dzie si\u0119 uroczyste rozpocz\u0119cie roku szkolnego w szkole. Wychowankowie b\u0119d\u0105 mogli wcze\u015bniej przyjecha\u0107 <a class=\"more-link\" href=\"https:\/\/ceogr.edu.pl\/?p=19335\">Czytaj wi\u0119cej&#8230;<\/a><\/p>\n","protected":false},"author":2,"featured_media":0,"comment_status":"closed","ping_status":"closed","sticky":false,"template":"","format":"standard","meta":[],"categories":[177],"tags":[],"acf":[],"aioseo_notices":[],"_links":{"self":[{"href":"https:\/\/ceogr.edu.pl\/index.php?rest_route=\/wp\/v2\/posts\/19335"}],"collection":[{"href":"https:\/\/ceogr.edu.pl\/index.php?rest_route=\/wp\/v2\/posts"}],"about":[{"href":"https:\/\/ceogr.edu.pl\/index.php?rest_route=\/wp\/v2\/types\/post"}],"author":[{"embeddable":true,"href":"https:\/\/ceogr.edu.pl\/index.php?rest_route=\/wp\/v2\/users\/2"}],"replies":[{"embeddable":true,"href":"https:\/\/ceogr.edu.pl\/index.php?rest_route=%2Fwp%2Fv2%2Fcomments&post=19335"}],"version-history":[{"count":3,"href":"https:\/\/ceogr.edu.pl\/index.php?rest_route=\/wp\/v2\/posts\/19335\/revisions"}],"predecessor-version":[{"id":19341,"href":"https:\/\/ceogr.edu.pl\/index.php?rest_route=\/wp\/v2\/posts\/19335\/revisions\/19341"}],"wp:attachment":[{"href":"https:\/\/ceogr.edu.pl\/index.php?rest_route=%2Fwp%2Fv2%2Fmedia&parent=19335"}],"wp:term":[{"taxonomy":"category","embeddable":true,"href":"https:\/\/ceogr.edu.pl\/index.php?rest_route=%2Fwp%2Fv2%2Fcategories&post=19335"},{"taxonomy":"post_tag","embeddable":true,"href":"https:\/\/ceogr.edu.pl\/index.php?rest_route=%2Fwp%2Fv2%2Ftags&post=19335"}],"curies":[{"name":"wp","href":"https:\/\/api.w.org\/{rel}","templated":true}]}}