{"id":19329,"date":"2026-08-20T18:07:43","date_gmt":"2026-08-20T18:07:43","guid":{"rendered":"https:\/\/ceogr.edu.pl\/?p=19329"},"modified":"2026-08-20T18:07:44","modified_gmt":"2026-08-20T18:07:44","slug":"komunikat-12","status":"publish","type":"post","link":"https:\/\/ceogr.edu.pl\/?p=19329","title":{"rendered":"Komunikat"},"content":{"rendered":"\n<p>Wykaz podr\u0119cznik\u00f3w dla klas pierwszych zosta\u0142 umieszczony na naszej stronie internetowej:&nbsp;<a href=\"https:\/\/www.gov.pl\/web\/zsckr-szczecin\/podreczniki-na-rok-szkolny-20262027\" target=\"_blank\" rel=\"noreferrer noopener\">https:\/\/www.gov.pl\/web\/zsckr-szczecin\/podreczniki-na-rok-szkolny-20262027<\/a><\/p>\n\n\n\n<p>Pozosta\u0142e klasy informacje o podr\u0119cznikach uzyskaj\u0105&nbsp;na pocz\u0105tku wrze\u015bnia od nauczycieli prowadz\u0105cych zaj\u0119cia.<\/p>\n\n\n\n<p>Jednocze\u015bnie zach\u0119camy do udzia\u0142u&nbsp;w kiermaszu w dniach 3 i 4 wrze\u015bnia, gdzie b\u0119dzie mo\u017cliwo\u015b\u0107&nbsp;odkupienia podr\u0119cznik\u00f3w od uczni\u00f3w klas starszych.<\/p>\n","protected":false},"excerpt":{"rendered":"<p>Wykaz podr\u0119cznik\u00f3w dla klas pierwszych zosta\u0142 umieszczony na naszej stronie internetowej:&nbsp;https:\/\/www.gov.pl\/web\/zsckr-szczecin\/podreczniki-na-rok-szkolny-20262027 Pozosta\u0142e klasy informacje o podr\u0119cznikach uzyskaj\u0105&nbsp;na pocz\u0105tku wrze\u015bnia od nauczycieli prowadz\u0105cych zaj\u0119cia. Jednocze\u015bnie zach\u0119camy do udzia\u0142u&nbsp;w kiermaszu w dniach <a class=\"more-link\" href=\"https:\/\/ceogr.edu.pl\/?p=19329\">Czytaj wi\u0119cej&#8230;<\/a><\/p>\n","protected":false},"author":6,"featured_media":0,"comment_status":"closed","ping_status":"closed","sticky":false,"template":"","format":"standard","meta":[],"categories":[175],"tags":[],"acf":[],"aioseo_notices":[],"_links":{"self":[{"href":"https:\/\/ceogr.edu.pl\/index.php?rest_route=\/wp\/v2\/posts\/19329"}],"collection":[{"href":"https:\/\/ceogr.edu.pl\/index.php?rest_route=\/wp\/v2\/posts"}],"about":[{"href":"https:\/\/ceogr.edu.pl\/index.php?rest_route=\/wp\/v2\/types\/post"}],"author":[{"embeddable":true,"href":"https:\/\/ceogr.edu.pl\/index.php?rest_route=\/wp\/v2\/users\/6"}],"replies":[{"embeddable":true,"href":"https:\/\/ceogr.edu.pl\/index.php?rest_route=%2Fwp%2Fv2%2Fcomments&post=19329"}],"version-history":[{"count":1,"href":"https:\/\/ceogr.edu.pl\/index.php?rest_route=\/wp\/v2\/posts\/19329\/revisions"}],"predecessor-version":[{"id":19330,"href":"https:\/\/ceogr.edu.pl\/index.php?rest_route=\/wp\/v2\/posts\/19329\/revisions\/19330"}],"wp:attachment":[{"href":"https:\/\/ceogr.edu.pl\/index.php?rest_route=%2Fwp%2Fv2%2Fmedia&parent=19329"}],"wp:term":[{"taxonomy":"category","embeddable":true,"href":"https:\/\/ceogr.edu.pl\/index.php?rest_route=%2Fwp%2Fv2%2Fcategories&post=19329"},{"taxonomy":"post_tag","embeddable":true,"href":"https:\/\/ceogr.edu.pl\/index.php?rest_route=%2Fwp%2Fv2%2Ftags&post=19329"}],"curies":[{"name":"wp","href":"https:\/\/api.w.org\/{rel}","templated":true}]}}